{"id":374,"date":"2018-09-02T14:13:55","date_gmt":"2018-09-02T12:13:55","guid":{"rendered":"http:\/\/madmoto.de\/?p=374"},"modified":"2018-09-02T14:40:14","modified_gmt":"2018-09-02T12:40:14","slug":"madmoto-goes-muenchen-marrakesch","status":"publish","type":"post","link":"https:\/\/madmoto.de\/?p=374","title":{"rendered":"MadMoto goes M\u00fcnchen-Marrakesch"},"content":{"rendered":"<h1 style=\"text-align: center;\"><div id=\"metaslider-id-214\" style=\"max-width: 800px; margin: 0 auto;\" class=\"ml-slider-3-108-0 metaslider metaslider-flex metaslider-214 ml-slider has-dots-nav ms-theme-default\" role=\"region\" aria-label=\"Titelbild\" data-height=\"500\" data-width=\"800\">\n    <div id=\"metaslider_container_214\">\n        <div id=\"metaslider_214\">\n            <ul class='slides'>\n                <li style=\"display: block; width: 100%;\" class=\"slide-215 ms-image \" aria-roledescription=\"slide\" data-date=\"2018-01-25 14:36:43\" data-filename=\"20170521_1437121-800x500.jpg\" data-slide-type=\"image\"><img loading=\"lazy\" decoding=\"async\" src=\"https:\/\/madmoto.de\/wp-content\/uploads\/2018\/01\/20170521_1437121-800x500.jpg\" height=\"500\" width=\"800\" alt=\"Audi Abholung\" class=\"slider-214 slide-215 msDefaultImage\" \/><\/li>\n            <\/ul>\n        <\/div>\n        \n    <\/div>\n<\/div><\/h1>\n<h1 style=\"text-align: center;\">M\u00fcnchen-Marrakesch?<\/h1>\n<h1 style=\"text-align: center;\">What??<\/h1>\n<h1 style=\"text-align: center;\">Ja..!<\/h1>\n<p>Im September diesen Jahres steht ein <b>Projekt<\/b> an, das ein wenig verr\u00fcckt klingt. 100 Starter, die sich mit ihren gepimpten \u201eKarren\u201c (Kaufpreis maximal 1000\u20ac), auf den Weg von M\u00fcnchen nach Marrakesch machen. Schon ein wenig crazy.<\/p>\n<p>Die Idee stammt von \u201e<b>Off The Beaten Track\u201c <\/b>\u2013 ein kleiner Haufen Leute, die aus Spa\u00df eine \u201eRallye\u201c veranstalten. Die letzten 9 Jahre (so eigentlich auch dieses Jahr) lautet der Titel der Rally \u201e<b>M\u00fcnchen-Barcelona<\/b>\u201c.<\/p>\n<p>Allerdings hat sich der Organisatorenstab zur diesj\u00e4hrigen Jubil\u00e4umsrally gedacht, man k\u00f6nnte ja den Schwierigkeitsgrad noch ein wenig erh\u00f6hen und verl\u00e4ngerte kurzerhand die Distanz um ein paar weitere tausend Kilometer Richtung S\u00fcden nach Marokko.<\/p>\n<p>An sich hatte Matze schon lange diese Rallye auf dem Zettel \u2013 fand nur keinen Mitstreiter f\u00fcr sein Team. Das \u00e4nderte sich dann im Jahr 2017. Ein kurzes Telefonat zwischen Matze und Chris stellte klar \u2013 \u201eOkay, komm \u2013 wir machen das zusammen!\u201c<\/p>\n<p>Stellte sich als erstes die Frage nach einem geeigneten Gef\u00e4hrt. Beide sind irgendwie Audi-affin. Trotzdem wurde Ausschau gehalten nach allem, was die buckeligen, schotterigen, steilen und teils auch sehr kurvigen Pisten bew\u00e4ltigen konnte. Heckantrieb, Allrad, alles w\u00e4re gut.<\/p>\n<p>Damals (Anfang 2017) war von Marrakesch noch nichts zu h\u00f6ren, das Ziel hie\u00df Barcelona (Reglement hie\u00df derzeit Fahrzeug bis 500,- \u20ac Kaufpreis) \u2013 und unter diesen Voraussetzungen plante das Team. Nun, was war da so zu finden bis 500,- \u20ac ? Auf den ersten Blick kaum etwas Brauchbares. Auf den oft n\u00f6tigen zweiten Blick schon, aber dann doch mit teils erheblichem Investitionsbedarf. Dass kein Verm\u00f6gen investiert werden sollte, war klar.<\/p>\n<p>Wir einigten uns auf ein Gesamtbudget von 1.500,- \u20ac f\u00fcr Kaufpreis und Instandsetzung und dann ging die Suche bei Ebay los. Gl\u00fccklicherweise war Fortuna dabei, als eine Auktion f\u00fcr einen 1996\u2018er <b>Audi A4 Avant 2.6 quattro<\/b> dem Ende nahte. Das gute St\u00fcck hatte zwar schon 338.000 km auf dem Buckel, aber der 2.6\u2019er ist ein Langl\u00e4ufer. Quattro? Perfekt! Die Komplettlederausstattung, BOSE-Sound, Sitzheizung, Schiebedach und Klimaautomatik sind zwar Sachen, die nicht n\u00f6tig sind, aber trotzdem an Bord! Und mit ein paar Klicks und dem Gl\u00fcck, dass niemand anderes gro\u00dfes Interesse an dem Schmuckst\u00fcck hatte, war es vollbracht. F\u00fcr 320,- \u20ac Kaufpreis lag man komplett im Budget! Klasse!<\/p>\n<p>&nbsp;<\/p>\n<p><span style=\"display: inline !important; float: none; background-color: transparent; color: #333333; cursor: text; font-family: Georgia,'Times New Roman','Bitstream Charter',Times,serif; font-size: 16px; font-style: normal; font-variant: normal; font-weight: 400; letter-spacing: normal; orphans: 2; text-align: left; text-decoration: none; text-indent: 0px; text-transform: none; -webkit-text-stroke-width: 0px; white-space: normal; word-spacing: 0px;\"><div id=\"metaslider-id-183\" style=\"max-width: 700px; margin: 0 auto;\" class=\"ml-slider-3-108-0 metaslider metaslider-flex metaslider-183 ml-slider has-dots-nav ms-theme-default\" role=\"region\" aria-label=\"sh1\" data-height=\"300\" data-width=\"700\">\n    <div id=\"metaslider_container_183\">\n        <div id=\"metaslider_183\">\n            <ul class='slides'>\n                <li style=\"display: block; width: 100%;\" class=\"slide-184 ms-image \" aria-roledescription=\"slide\" data-date=\"2018-01-23 17:54:39\" data-filename=\"20170603_154027-700x300.jpg\" data-slide-type=\"image\"><img loading=\"lazy\" decoding=\"async\" src=\"https:\/\/madmoto.de\/wp-content\/uploads\/2018\/01\/20170603_154027-700x300.jpg\" height=\"300\" width=\"700\" alt=\"Audi Front\" class=\"slider-183 slide-184 msDefaultImage\" \/><\/li>\n                <li style=\"display: none; width: 100%;\" class=\"slide-185 ms-image \" aria-roledescription=\"slide\" data-date=\"2018-01-23 17:54:39\" data-filename=\"20170521_1437121-700x300.jpg\" data-slide-type=\"image\"><img loading=\"lazy\" decoding=\"async\" src=\"https:\/\/madmoto.de\/wp-content\/uploads\/2018\/01\/20170521_1437121-700x300.jpg\" height=\"300\" width=\"700\" alt=\"Audi Abholung\" class=\"slider-183 slide-185 msDefaultImage\" \/><div class=\"caption-wrap\"><div class=\"caption\">Unser erstes Bild gemeinsam mit dem \"neuen\" Sch\u00e4tzchen.<\/div><\/div><\/li>\n                <li style=\"display: none; width: 100%;\" class=\"slide-186 ms-image \" aria-roledescription=\"slide\" data-date=\"2018-01-23 17:54:39\" data-filename=\"img_073-700x300.jpg\" data-slide-type=\"image\"><img loading=\"lazy\" decoding=\"async\" src=\"https:\/\/madmoto.de\/wp-content\/uploads\/2018\/01\/img_073-700x300.jpg\" height=\"300\" width=\"700\" alt=\"Ebayauktion\" class=\"slider-183 slide-186 msDefaultImage\" \/><\/li>\n                <li style=\"display: none; width: 100%;\" class=\"slide-187 ms-image \" aria-roledescription=\"slide\" data-date=\"2018-01-23 17:54:39\" data-filename=\"20180103_162658-700x300.jpg\" data-slide-type=\"image\"><img loading=\"lazy\" decoding=\"async\" src=\"https:\/\/madmoto.de\/wp-content\/uploads\/2018\/01\/20180103_162658-700x300.jpg\" height=\"300\" width=\"700\" alt=\"Audi Innenraum\" class=\"slider-183 slide-187 msDefaultImage\" \/><\/li>\n            <\/ul>\n        <\/div>\n        \n    <\/div>\n<\/div><\/span><\/p>\n<p>&nbsp;<\/p>\n<p>Nun, die Abholung aus G\u00f6ttingen war schnell organisiert und auf ging es. Mit dem Autoanh\u00e4nger einmal die A7 rauf und runter &#8211; und &#8222;schon&#8220; war das Gef\u00e4hrt daheim.<\/p>\n<p>Seitdem wird es St\u00fcck f\u00fcr St\u00fcck HU-tauglich gemacht, diverses Zubeh\u00f6r und Reparaturmaterial herangebracht.<\/p>\n<p>Status quo: Flexrohr eingeschwei\u00dft, Querlenker erneuert. Nun kommt die Bremsanlage dran.<\/p>\n<p>Die n\u00e4chste H\u00fcrde, um das Projekt zu packen, ist die Anmeldung zur Rallye. Wir wussten, die Teilnehmerzahl ist begrenzt. Also setzten wir alles daran, eine g\u00fcltige Anmeldung zu ergattern. Was sollen wir sagen? Es hat geklappt.<\/p>\n<p>Wir werden von <b>23. September bis 3. Oktober 2018<\/b> an der <b>Rallye M\u00fcnchen-Barcelona-Marrakesch<\/b> teilnehmen. Wir freuen uns wie Bolle!<\/p>\n<h4>Es werden Sponsoren gesucht.<\/h4>\n<p>Wer sich finanziell oder materiell an unserem Freizeit-Projekt beteiligen m\u00f6chte, der darf das gerne tun. Wir nehmen derartige Vorschl\u00e4ge mit Wohlwollen an, dabei spielt es keine Rolle, in welchem Umfang oder auf welche Art dies passiert. Wir stellen nat\u00fcrlich auch Werbefl\u00e4che auf unserem Fahrzeug zur Verf\u00fcgung. Wer also sein Firmenlogo oder Internetlink quer durch Europa fahren lassen m\u00f6chte \u2013 nur zu! Wir w\u00fcrden uns freuen.<\/p>\n<p><b>Kontaktm\u00f6glichkeiten<\/b><\/p>\n<p><a href=\"mailto:chris@madmoto.de\">Schreib mir eine E-Mail<\/a> oder ruf mich einfach unter<\/p>\n<p><img loading=\"lazy\" decoding=\"async\" class=\"wp-image-74 size-full alignleft\" src=\"http:\/\/madmoto.de\/wp-content\/uploads\/2018\/01\/cmobil.png\" alt=\"\" width=\"139\" height=\"22\" \/><\/p>\n<p>an. Bis gleich \ud83d\ude42<\/p>\n<p>Noch einfacher geht es per Paypal \u2013 sofort eine kleine Spende einreichen?<\/p>\n<p>Hier geht\u2019s lang: <a href=\"https:\/\/www.paypal.me\/dermoppedman\" target=\"_blank\" rel=\"noopener\"><img loading=\"lazy\" decoding=\"async\" class=\"alignnone wp-image-73 size-full\" src=\"http:\/\/madmoto.de\/wp-content\/uploads\/2018\/01\/pp.png\" alt=\"paypal\" width=\"177\" height=\"53\" \/><\/a><\/p>\n<p>&nbsp;<\/p>\n<p>Jeder, der uns sponsort, bekommt vor der Rallye regelm\u00e4\u00dfig und w\u00e4hrend der Rallye t\u00e4glich exklusive Updates, Informationen und Fotos. Versprochen!<\/p>\n<p style=\"text-align: center;\">Hier ein paar Impressionen von den bisherigen Ereignissen:<\/p>\n<div id=\"metaslider-id-171\" style=\"max-width: 700px; margin: 0 auto;\" class=\"ml-slider-3-108-0 metaslider metaslider-flex metaslider-171 ml-slider has-dots-nav ms-theme-default\" role=\"region\" aria-label=\"sh2\" data-height=\"300\" data-width=\"700\">\n    <div id=\"metaslider_container_171\">\n        <div id=\"metaslider_171\">\n            <ul class='slides'>\n                <li style=\"display: block; width: 100%;\" class=\"slide-172 ms-image \" aria-roledescription=\"slide\" data-date=\"2018-01-23 17:50:43\" data-filename=\"OI000010-700x300.jpg\" data-slide-type=\"image\"><img loading=\"lazy\" decoding=\"async\" src=\"https:\/\/madmoto.de\/wp-content\/uploads\/2018\/01\/OI000010-700x300.jpg\" height=\"300\" width=\"700\" alt=\"\" class=\"slider-171 slide-172 msDefaultImage\" \/><div class=\"caption-wrap\"><div class=\"caption\">Ein standesgem\u00e4\u00dfes Mobiliar ist bereits an Bord.<\/div><\/div><\/li>\n                <li style=\"display: none; width: 100%;\" class=\"slide-173 ms-image \" aria-roledescription=\"slide\" data-date=\"2018-01-23 17:50:43\" data-filename=\"OI000009-700x300.jpg\" data-slide-type=\"image\"><img loading=\"lazy\" decoding=\"async\" src=\"https:\/\/madmoto.de\/wp-content\/uploads\/2018\/01\/OI000009-700x300.jpg\" height=\"300\" width=\"700\" alt=\"\" class=\"slider-171 slide-173 msDefaultImage\" \/><div class=\"caption-wrap\"><div class=\"caption\">Was f\u00fcr ein gem\u00fctliches Gest\u00fchl.<\/div><\/div><\/li>\n                <li style=\"display: none; width: 100%;\" class=\"slide-174 ms-image \" aria-roledescription=\"slide\" data-date=\"2018-01-23 17:50:43\" data-filename=\"OI000008-700x300.jpg\" data-slide-type=\"image\"><img loading=\"lazy\" decoding=\"async\" src=\"https:\/\/madmoto.de\/wp-content\/uploads\/2018\/01\/OI000008-700x300.jpg\" height=\"300\" width=\"700\" alt=\"\" class=\"slider-171 slide-174 msDefaultImage\" \/><div class=\"caption-wrap\"><div class=\"caption\">Ein toller Arbeitsplatz \ud83d\ude42<\/div><\/div><\/li>\n                <li style=\"display: none; width: 100%;\" class=\"slide-175 ms-image \" aria-roledescription=\"slide\" data-date=\"2018-01-23 17:50:43\" data-filename=\"OI000005-700x300.jpg\" data-slide-type=\"image\"><img loading=\"lazy\" decoding=\"async\" src=\"https:\/\/madmoto.de\/wp-content\/uploads\/2018\/01\/OI000005-700x300.jpg\" height=\"300\" width=\"700\" alt=\"\" class=\"slider-171 slide-175 msDefaultImage\" \/><div class=\"caption-wrap\"><div class=\"caption\">Ein neuer Querlenkersatz zur Sicherheit.<\/div><\/div><\/li>\n                <li style=\"display: none; width: 100%;\" class=\"slide-176 ms-image \" aria-roledescription=\"slide\" data-date=\"2018-01-23 17:50:43\" data-filename=\"OI000004-700x300.jpg\" data-slide-type=\"image\"><img loading=\"lazy\" decoding=\"async\" src=\"https:\/\/madmoto.de\/wp-content\/uploads\/2018\/01\/OI000004-700x300.jpg\" height=\"300\" width=\"700\" alt=\"\" class=\"slider-171 slide-176 msDefaultImage\" \/><div class=\"caption-wrap\"><div class=\"caption\">THE Engine.<\/div><\/div><\/li>\n                <li style=\"display: none; width: 100%;\" class=\"slide-180 ms-image \" aria-roledescription=\"slide\" data-date=\"2018-01-23 17:50:43\" data-filename=\"20171219_160414-700x300.jpg\" data-slide-type=\"image\"><img loading=\"lazy\" decoding=\"async\" src=\"https:\/\/madmoto.de\/wp-content\/uploads\/2018\/01\/20171219_160414-700x300.jpg\" height=\"300\" width=\"700\" alt=\"\" class=\"slider-171 slide-180 msDefaultImage\" \/><div class=\"caption-wrap\"><div class=\"caption\">Wenig Platz zum Schrauben, aber wir kriegen das schon hin.<\/div><\/div><\/li>\n                <li style=\"display: none; width: 100%;\" class=\"slide-179 ms-image \" aria-roledescription=\"slide\" data-date=\"2018-01-23 17:50:43\" data-filename=\"20171219_161032-700x300.jpg\" data-slide-type=\"image\"><img loading=\"lazy\" decoding=\"async\" src=\"https:\/\/madmoto.de\/wp-content\/uploads\/2018\/01\/20171219_161032-700x300.jpg\" height=\"300\" width=\"700\" alt=\"\" class=\"slider-171 slide-179 msDefaultImage\" \/><div class=\"caption-wrap\"><div class=\"caption\">Uppps, kaputt.. \ud83d\ude41<\/div><\/div><\/li>\n                <li style=\"display: none; width: 100%;\" class=\"slide-177 ms-image \" aria-roledescription=\"slide\" data-date=\"2018-01-23 17:50:43\" data-filename=\"20180122_070123-700x300.jpg\" data-slide-type=\"image\"><img loading=\"lazy\" decoding=\"async\" src=\"https:\/\/madmoto.de\/wp-content\/uploads\/2018\/01\/20180122_070123-700x300.jpg\" height=\"300\" width=\"700\" alt=\"\" class=\"slider-171 slide-177 msDefaultImage\" \/><div class=\"caption-wrap\"><div class=\"caption\">Das neu eingeschwei\u00dfte Flexrohr.<\/div><\/div><\/li>\n                <li style=\"display: none; width: 100%;\" class=\"slide-178 ms-image \" aria-roledescription=\"slide\" data-date=\"2018-01-23 17:50:43\" data-filename=\"20180115_104609-609x261.jpg\" data-slide-type=\"image\"><img loading=\"lazy\" decoding=\"async\" src=\"https:\/\/madmoto.de\/wp-content\/uploads\/2018\/01\/20180115_104609-609x261.jpg\" height=\"300\" width=\"700\" alt=\"\" class=\"slider-171 slide-178 msDefaultImage\" \/><div class=\"caption-wrap\"><div class=\"caption\">neue Dichtung zwischen Kr\u00fcmmer und Hosenrohr.<\/div><\/div><\/li>\n                <li style=\"display: none; width: 100%;\" class=\"slide-181 ms-image \" aria-roledescription=\"slide\" data-date=\"2018-01-23 17:50:43\" data-filename=\"20171219_155713-700x300.jpg\" data-slide-type=\"image\"><img loading=\"lazy\" decoding=\"async\" src=\"https:\/\/madmoto.de\/wp-content\/uploads\/2018\/01\/20171219_155713-700x300.jpg\" height=\"300\" width=\"700\" alt=\"\" class=\"slider-171 slide-181 msDefaultImage\" \/><div class=\"caption-wrap\"><div class=\"caption\">Sooooo right..!<\/div><\/div><\/li>\n                <li style=\"display: none; width: 100%;\" class=\"slide-209 ms-image \" aria-roledescription=\"slide\" data-date=\"2018-01-25 08:06:37\" data-filename=\"OI000013-700x300.jpg\" data-slide-type=\"image\"><img loading=\"lazy\" decoding=\"async\" src=\"https:\/\/madmoto.de\/wp-content\/uploads\/2018\/01\/OI000013-700x300.jpg\" height=\"300\" width=\"700\" alt=\"\" class=\"slider-171 slide-209 msDefaultImage\" \/><div class=\"caption-wrap\"><div class=\"caption\">R\u00fchrstab.<\/div><\/div><\/li>\n                <li style=\"display: none; width: 100%;\" class=\"slide-210 ms-image \" aria-roledescription=\"slide\" data-date=\"2018-01-25 08:06:37\" data-filename=\"OI000014-700x300.jpg\" data-slide-type=\"image\"><img loading=\"lazy\" decoding=\"async\" src=\"https:\/\/madmoto.de\/wp-content\/uploads\/2018\/01\/OI000014-700x300.jpg\" height=\"300\" width=\"700\" alt=\"\" class=\"slider-171 slide-210 msDefaultImage\" \/><div class=\"caption-wrap\"><div class=\"caption\">Diese Klimaautomatik k\u00f6nnte uns noch sehr hilfreich sein.<\/div><\/div><\/li>\n                <li style=\"display: none; width: 100%;\" class=\"slide-211 ms-image \" aria-roledescription=\"slide\" data-date=\"2018-01-25 08:06:37\" data-filename=\"OI000011-700x300.jpg\" data-slide-type=\"image\"><img loading=\"lazy\" decoding=\"async\" src=\"https:\/\/madmoto.de\/wp-content\/uploads\/2018\/01\/OI000011-700x300.jpg\" height=\"300\" width=\"700\" alt=\"\" class=\"slider-171 slide-211 msDefaultImage\" \/><div class=\"caption-wrap\"><div class=\"caption\">Im wahrsten Sinne des Wortes etwas angestaubt.<\/div><\/div><\/li>\n                <li style=\"display: none; width: 100%;\" class=\"slide-212 ms-image \" aria-roledescription=\"slide\" data-date=\"2018-01-25 08:06:37\" data-filename=\"20171021_111637-700x300.jpg\" data-slide-type=\"image\"><img loading=\"lazy\" decoding=\"async\" src=\"https:\/\/madmoto.de\/wp-content\/uploads\/2018\/01\/20171021_111637-700x300.jpg\" height=\"300\" width=\"700\" alt=\"\" class=\"slider-171 slide-212 msDefaultImage\" \/><div class=\"caption-wrap\"><div class=\"caption\">Er hat den Boden unter den F\u00fc\u00dfen verloren.<\/div><\/div><\/li>\n                <li style=\"display: none; width: 100%;\" class=\"slide-213 ms-image \" aria-roledescription=\"slide\" data-date=\"2018-01-25 08:06:37\" data-filename=\"20170607_193734-700x300.jpg\" data-slide-type=\"image\"><img loading=\"lazy\" decoding=\"async\" src=\"https:\/\/madmoto.de\/wp-content\/uploads\/2018\/01\/20170607_193734-700x300.jpg\" height=\"300\" width=\"700\" alt=\"\" class=\"slider-171 slide-213 msDefaultImage\" \/><div class=\"caption-wrap\"><div class=\"caption\">So k\u00f6nnte das sp\u00e4ter mal aussehen.<\/div><\/div><\/li>\n            <\/ul>\n        <\/div>\n        \n    <\/div>\n<\/div>\n","protected":false},"excerpt":{"rendered":"<p>M\u00fcnchen-Marrakesch? What?? Ja..! Im September diesen Jahres steht ein Projekt an, das ein wenig verr\u00fcckt klingt. 100 Starter, die sich mit ihren gepimpten \u201eKarren\u201c (Kaufpreis maximal 1000\u20ac), auf den Weg von M\u00fcnchen nach Marrakesch machen.<a class=\"read-more\" href=\"https:\/\/madmoto.de\/?p=374\">Weiterlesen<\/a><\/p>\n","protected":false},"author":2,"featured_media":21,"comment_status":"closed","ping_status":"open","sticky":false,"template":"","format":"standard","meta":{"_jetpack_memberships_contains_paid_content":false,"footnotes":""},"categories":[2],"tags":[17,19,15,20,18,16],"class_list":["post-374","post","type-post","status-publish","format-standard","has-post-thumbnail","hentry","category-madmototour","tag-audi","tag-barcelone","tag-madmoto","tag-marrakesch","tag-muenchen","tag-rallye"],"jetpack_featured_media_url":"https:\/\/madmoto.de\/wp-content\/uploads\/2018\/01\/tour_mm_map.png","jetpack_sharing_enabled":true,"_links":{"self":[{"href":"https:\/\/madmoto.de\/index.php?rest_route=\/wp\/v2\/posts\/374","targetHints":{"allow":["GET"]}}],"collection":[{"href":"https:\/\/madmoto.de\/index.php?rest_route=\/wp\/v2\/posts"}],"about":[{"href":"https:\/\/madmoto.de\/index.php?rest_route=\/wp\/v2\/types\/post"}],"author":[{"embeddable":true,"href":"https:\/\/madmoto.de\/index.php?rest_route=\/wp\/v2\/users\/2"}],"replies":[{"embeddable":true,"href":"https:\/\/madmoto.de\/index.php?rest_route=%2Fwp%2Fv2%2Fcomments&post=374"}],"version-history":[{"count":2,"href":"https:\/\/madmoto.de\/index.php?rest_route=\/wp\/v2\/posts\/374\/revisions"}],"predecessor-version":[{"id":395,"href":"https:\/\/madmoto.de\/index.php?rest_route=\/wp\/v2\/posts\/374\/revisions\/395"}],"wp:featuredmedia":[{"embeddable":true,"href":"https:\/\/madmoto.de\/index.php?rest_route=\/wp\/v2\/media\/21"}],"wp:attachment":[{"href":"https:\/\/madmoto.de\/index.php?rest_route=%2Fwp%2Fv2%2Fmedia&parent=374"}],"wp:term":[{"taxonomy":"category","embeddable":true,"href":"https:\/\/madmoto.de\/index.php?rest_route=%2Fwp%2Fv2%2Fcategories&post=374"},{"taxonomy":"post_tag","embeddable":true,"href":"https:\/\/madmoto.de\/index.php?rest_route=%2Fwp%2Fv2%2Ftags&post=374"}],"curies":[{"name":"wp","href":"https:\/\/api.w.org\/{rel}","templated":true}]}}