{"id":461,"date":"2018-09-21T06:20:36","date_gmt":"2018-09-21T04:20:36","guid":{"rendered":"http:\/\/madmoto.de\/?p=461"},"modified":"2018-09-21T06:35:42","modified_gmt":"2018-09-21T04:35:42","slug":"unglaublich","status":"publish","type":"post","link":"https:\/\/madmoto.de\/?p=461","title":{"rendered":"Unglaublich"},"content":{"rendered":"<p>&#8230;aber wahr!<\/p>\n<p>Nun sind es heute tats\u00e4chlich nur noch zwei Tage bis zum Start der Rallye M\u00fcnchen-Barcelona-Marrakesch!<\/p>\n<p>Nachdem wir im Mai 2017 unser Auto gekauft hatten, wussten wir ja selbst nicht, was uns so erwartet. Ist da viel dran zu machen? Ist der Motor vielleicht platt?<\/p>\n<p>Das waren noch ganz einfache Dinge, die uns besch\u00e4ftigen. Dass bei der Vorbereitung alles ziemlich glatt laufen w\u00fcrde, davon hatten wir eigentlich nur getr\u00e4umt.<\/p>\n<p>Und dass wir bis Ende September 2018 &#8222;warten&#8220; m\u00fcssten, das h\u00e4tten wir so auch nicht gedacht.<\/p>\n<p>Nun aber ist es soweit. Am Samstag geht es nach M\u00fcnchen zur Akkreditierung und am Sonntag startet unser gro\u00dfes Abenteuer!<\/p>\n<p>Wir sind soooo gespannt und freuen uns drauf.<\/p>\n","protected":false},"excerpt":{"rendered":"<p>&#8230;aber wahr! Nun sind es heute tats\u00e4chlich nur noch zwei Tage bis zum Start der Rallye M\u00fcnchen-Barcelona-Marrakesch! Nachdem wir im Mai 2017 unser Auto gekauft hatten, wussten wir ja selbst nicht, was uns so erwartet.<a class=\"read-more\" href=\"https:\/\/madmoto.de\/?p=461\">Weiterlesen<\/a><\/p>\n","protected":false},"author":2,"featured_media":460,"comment_status":"open","ping_status":"open","sticky":false,"template":"","format":"standard","meta":{"_jetpack_memberships_contains_paid_content":false,"footnotes":""},"categories":[2],"tags":[17,21,18,16,25],"class_list":["post-461","post","type-post","status-publish","format-standard","has-post-thumbnail","hentry","category-madmototour","tag-audi","tag-barcelona","tag-muenchen","tag-rallye","tag-rmb2018"],"jetpack_featured_media_url":"https:\/\/madmoto.de\/wp-content\/uploads\/2018\/09\/img_019.jpg","jetpack_sharing_enabled":true,"_links":{"self":[{"href":"https:\/\/madmoto.de\/index.php?rest_route=\/wp\/v2\/posts\/461","targetHints":{"allow":["GET"]}}],"collection":[{"href":"https:\/\/madmoto.de\/index.php?rest_route=\/wp\/v2\/posts"}],"about":[{"href":"https:\/\/madmoto.de\/index.php?rest_route=\/wp\/v2\/types\/post"}],"author":[{"embeddable":true,"href":"https:\/\/madmoto.de\/index.php?rest_route=\/wp\/v2\/users\/2"}],"replies":[{"embeddable":true,"href":"https:\/\/madmoto.de\/index.php?rest_route=%2Fwp%2Fv2%2Fcomments&post=461"}],"version-history":[{"count":1,"href":"https:\/\/madmoto.de\/index.php?rest_route=\/wp\/v2\/posts\/461\/revisions"}],"predecessor-version":[{"id":462,"href":"https:\/\/madmoto.de\/index.php?rest_route=\/wp\/v2\/posts\/461\/revisions\/462"}],"wp:featuredmedia":[{"embeddable":true,"href":"https:\/\/madmoto.de\/index.php?rest_route=\/wp\/v2\/media\/460"}],"wp:attachment":[{"href":"https:\/\/madmoto.de\/index.php?rest_route=%2Fwp%2Fv2%2Fmedia&parent=461"}],"wp:term":[{"taxonomy":"category","embeddable":true,"href":"https:\/\/madmoto.de\/index.php?rest_route=%2Fwp%2Fv2%2Fcategories&post=461"},{"taxonomy":"post_tag","embeddable":true,"href":"https:\/\/madmoto.de\/index.php?rest_route=%2Fwp%2Fv2%2Ftags&post=461"}],"curies":[{"name":"wp","href":"https:\/\/api.w.org\/{rel}","templated":true}]}}