{"id":497,"date":"2018-09-24T11:02:02","date_gmt":"2018-09-24T09:02:02","guid":{"rendered":"http:\/\/madmoto.de\/?p=497"},"modified":"2018-09-24T11:04:29","modified_gmt":"2018-09-24T09:04:29","slug":"die-erste-etappe","status":"publish","type":"post","link":"https:\/\/madmoto.de\/?p=497","title":{"rendered":"Die erste Etappe"},"content":{"rendered":"<p>Hi.<\/p>\n<p>So, wir haben gestern unser erstes Teilst\u00fcck von M\u00fcnchen bis Turin sehr gut hinter uns gebracht. Das waren ca. 560km und es gab keinerlei technische Probleme.<\/p>\n<p>Wir haben uns ja bei Regen in M\u00fcnchen alle auf den Weg in den sonnigen S\u00fcden gemacht, aber wir hatten nat\u00fcrlich die sch\u00f6nste Route gew\u00e4hlt. \ud83d\ude00<\/p>\n<p>Wer die genaue Route mal auf der Karte sehen m\u00f6chte, kann ja einfach nochmal <a target=\"_blank\" rel=\"noopener\" href=\"http:\/\/www.madmoto.shop\/geoloc\/\">hier<\/a> reinklicken.<\/p>\n<p>Jedenfalls ging es grob so: M\u00fcnchen &#8211; Bregenz &#8211; Liechtenstein &#8211; Chur &#8211; Lukmanierpass &#8211; Bellinzona &#8211; Luino am Lago Maggiore &#8211; Turin.<\/p>\n<p>Abends sind wir auf einem Campingplatz in der N\u00e4he von Turin angekommen und haben unser Zelt aufgeschlagen. Statt Pizza gab es in fu\u00dfl\u00e4ufiger N\u00e4he leider nur ein Agricultura-Ristorante, belegt von einer geschlossenen Gesellschaft. Wir haben zum Gl\u00fcck trotzdem was feines zu essen bekommen \ud83d\ude42<\/p>\n<p>So ungef\u00e4hr gegen 12 Uhr abends mussten wir dann aber auch mal ins Bett bzw. auf die Isomatte und in den Schlafsack, damit wir p\u00fcnktlich um 7 aufstehen konnten.<img decoding=\"async\" class=\"size-full\" data-wpid=\"117\" src=\"http:\/\/madmoto.de\/wp-content\/uploads\/2018\/09\/20180923_114522.gif\" animated-media=\"animated-media\"><img decoding=\"async\" class=\"size-full\" data-wpid=\"118\" src=\"http:\/\/madmoto.de\/wp-content\/uploads\/2018\/09\/20180923_190357.jpg\"><img decoding=\"async\" class=\"size-full\" data-wpid=\"119\" src=\"http:\/\/madmoto.de\/wp-content\/uploads\/2018\/09\/20180923_191952.jpg\"><img decoding=\"async\" class=\"size-full\" data-wpid=\"120\" src=\"http:\/\/madmoto.de\/wp-content\/uploads\/2018\/09\/20180924_072357.jpg\"><\/p>\n","protected":false},"excerpt":{"rendered":"<p>Hi. So, wir haben gestern unser erstes Teilst\u00fcck von M\u00fcnchen bis Turin sehr gut hinter uns gebracht. Das waren ca. 560km und es gab keinerlei technische Probleme. Wir haben uns ja bei Regen in M\u00fcnchen<a class=\"read-more\" href=\"https:\/\/madmoto.de\/?p=497\">Weiterlesen<\/a><\/p>\n","protected":false},"author":2,"featured_media":492,"comment_status":"open","ping_status":"open","sticky":false,"template":"","format":"standard","meta":{"_jetpack_memberships_contains_paid_content":false,"footnotes":""},"categories":[2],"tags":[],"class_list":["post-497","post","type-post","status-publish","format-standard","has-post-thumbnail","hentry","category-madmototour"],"jetpack_featured_media_url":"https:\/\/madmoto.de\/wp-content\/uploads\/2018\/09\/20180923_114357.gif","jetpack_sharing_enabled":true,"_links":{"self":[{"href":"https:\/\/madmoto.de\/index.php?rest_route=\/wp\/v2\/posts\/497","targetHints":{"allow":["GET"]}}],"collection":[{"href":"https:\/\/madmoto.de\/index.php?rest_route=\/wp\/v2\/posts"}],"about":[{"href":"https:\/\/madmoto.de\/index.php?rest_route=\/wp\/v2\/types\/post"}],"author":[{"embeddable":true,"href":"https:\/\/madmoto.de\/index.php?rest_route=\/wp\/v2\/users\/2"}],"replies":[{"embeddable":true,"href":"https:\/\/madmoto.de\/index.php?rest_route=%2Fwp%2Fv2%2Fcomments&post=497"}],"version-history":[{"count":2,"href":"https:\/\/madmoto.de\/index.php?rest_route=\/wp\/v2\/posts\/497\/revisions"}],"predecessor-version":[{"id":499,"href":"https:\/\/madmoto.de\/index.php?rest_route=\/wp\/v2\/posts\/497\/revisions\/499"}],"wp:featuredmedia":[{"embeddable":true,"href":"https:\/\/madmoto.de\/index.php?rest_route=\/wp\/v2\/media\/492"}],"wp:attachment":[{"href":"https:\/\/madmoto.de\/index.php?rest_route=%2Fwp%2Fv2%2Fmedia&parent=497"}],"wp:term":[{"taxonomy":"category","embeddable":true,"href":"https:\/\/madmoto.de\/index.php?rest_route=%2Fwp%2Fv2%2Fcategories&post=497"},{"taxonomy":"post_tag","embeddable":true,"href":"https:\/\/madmoto.de\/index.php?rest_route=%2Fwp%2Fv2%2Ftags&post=497"}],"curies":[{"name":"wp","href":"https:\/\/api.w.org\/{rel}","templated":true}]}}